{"id":8642,"date":"2026-09-03T14:39:25","date_gmt":"2026-09-03T17:39:25","guid":{"rendered":"https:\/\/escsanvicentedepaul.cl\/?p=8642"},"modified":"2026-09-03T14:39:25","modified_gmt":"2026-09-03T17:39:25","slug":"unidos-por-la-educacion-ii-encuentro-fide-atacama","status":"publish","type":"post","link":"https:\/\/escsanvicentedepaul.cl\/?p=8642","title":{"rendered":"UNIDOS POR LA EDUCACI\u00d3N: II ENCUENTRO FIDE ATACAMA"},"content":{"rendered":"<div class=\"wpb-content-wrapper\"><p>[vc_row][vc_column][vc_empty_space][vc_images_carousel images=&#8221;8643&#8243; img_size=&#8221;full&#8221; onclick=&#8221;link_no&#8221;][vc_empty_space][\/vc_column][\/vc_row][vc_row][vc_column][vc_empty_space][vc_column_text]<\/p>\n<p style=\"text-align: justify;\"><span style=\"font-family: verdana, geneva, sans-serif;\">En nuestra <strong>Escuela San Vicente de Pa\u00fal<\/strong>, donde la caridad se hace servicio a trav\u00e9s de la ense\u00f1anza, <span style=\"font-weight: 400;\">nos convertimos en la casa de todos para acoger el<\/span> <strong>II Encuentro de Formaci\u00f3n de<\/strong> <strong>FIDE Atacama<\/strong>, liderado por don Michael Orellana. <\/span><span style=\"font-family: verdana, geneva, sans-serif;\">El d\u00eda de ayer, 2 de septiembre, abrimos nuestras puertas para recibir a docentes, directivos y l\u00edderes de colegios subvencionados de la regi\u00f3n. Fieles al esp\u00edritu vicentino, compartimos una inolvidable jornada de fraternidad y aprendizaje para seguir impulsando una educaci\u00f3n de excelencia.<\/span><\/p>\n<p style=\"text-align: justify;\"><span style=\"font-family: verdana, geneva, sans-serif;\">La jornada cont\u00f3 con dos talleres de excelencia dictados por la prestigiosa instituci\u00f3n <strong>Aptus (Corporaci\u00f3n de la Educaci\u00f3n Aptus Chile)<\/strong>: <em>&#8220;Evaluaci\u00f3n formativa: una decisi\u00f3n de liderazgo, no solo en el aula&#8221;<\/em> e <em>&#8220;Impulso lector: acciones claves para el desarrollo de precursores y fluidez lectora&#8221;<\/em>, instancias que entregaron herramientas metodol\u00f3gicas concretas y transformadoras, pensadas para encender en cada aula la chispa del conocimiento y fortalecer el aprendizaje integral de nuestros estudiantes.<\/span><\/p>\n<p style=\"text-align: justify;\"><span style=\"font-family: verdana, geneva, sans-serif;\">Nos honraron con su presencia destacadas autoridades del \u00e1mbito educativo: don<strong> Michael Orellana<\/strong>, rector del Liceo Cat\u00f3lico Atacama; don<strong> Mario Gallardo Morales<\/strong>, subdirector del Liceo Polit\u00e9cnico Bel\u00e9n; y don<strong> Edgardo Araya Rojas<\/strong>, representante legal del Liceo Polit\u00e9cnico Bel\u00e9n y miembro del directorio de FIDE Nacional. Su acompa\u00f1amiento reafirma que, cuando unimos fuerzas por el bien com\u00fan, la educaci\u00f3n de Copiap\u00f3 avanza a pasos firmes.<\/span><\/p>\n<p style=\"text-align: justify;\"><span style=\"font-family: verdana, geneva, sans-serif;\">Expresamos un profundo agradecimiento a <strong>APTUS<\/strong> por compartir su sabidur\u00eda con tanto rigor profesional, a <strong>FIDE Atacama<\/strong> por hacer posible esta valiosa convocatoria y, de manera muy especial, a cada uno de los <strong>asistentes<\/strong>. Su vocaci\u00f3n de servicio, entrega y deseo constante de superaci\u00f3n son el verdadero motor que impulsa el futuro de nuestros ni\u00f1os y j\u00f3venes.<\/span><\/p>\n<p style=\"text-align: justify;\"><em><span style=\"font-family: verdana, geneva, sans-serif;\">\u00a1Que San Vicente de Pa\u00fal bendiga esta noble labor que realizamos d\u00eda a d\u00eda!<\/span><\/em><\/p>\n<p>[\/vc_column_text][vc_empty_space][vc_btn title=&#8221;Ver Galer\u00eda de Fotos&#8221; color=&#8221;blue&#8221; align=&#8221;center&#8221; link=&#8221;url:https%3A%2F%2Fphotos.app.goo.gl%2FeWPWwWgGPNGsX9mF8&#8243;][vc_empty_space][vc_empty_space][\/vc_column][\/vc_row][vc_row][vc_column][vc_empty_space][\/vc_column][\/vc_row][vc_row][vc_column][vc_column_text]<\/p>\n<pre><span style=\"font-family: verdana, geneva, sans-serif;\"><strong>Fuente: <\/strong>\u00c1rea de Comunicaciones.\r\n<strong>Fotograf\u00edas: <\/strong>\u00c1rea de Comunicaciones.\r\n<strong><span style=\"font-size: 10pt;\">Escuela San Vicente de Pa\u00fal.<\/span><\/strong><\/span><\/pre>\n<p>[\/vc_column_text][\/vc_column][\/vc_row][vc_row][vc_column][\/vc_column][\/vc_row]<\/p>\n<\/div>","protected":false},"excerpt":{"rendered":"<p>En nuestra Escuela San Vicente de Pa\u00fal, fuimos sede del II Encuentro de Formaci\u00f3n de FIDE Atacama&#8230;<\/p>\n","protected":false},"author":1,"featured_media":8643,"comment_status":"closed","ping_status":"closed","sticky":false,"template":"","format":"image","meta":{"footnotes":""},"categories":[17],"tags":[],"class_list":["post-8642","post","type-post","status-publish","format-image","has-post-thumbnail","hentry","category-actualidad","post_format-post-format-image"],"_links":{"self":[{"href":"https:\/\/escsanvicentedepaul.cl\/index.php?rest_route=\/wp\/v2\/posts\/8642","targetHints":{"allow":["GET"]}}],"collection":[{"href":"https:\/\/escsanvicentedepaul.cl\/index.php?rest_route=\/wp\/v2\/posts"}],"about":[{"href":"https:\/\/escsanvicentedepaul.cl\/index.php?rest_route=\/wp\/v2\/types\/post"}],"author":[{"embeddable":true,"href":"https:\/\/escsanvicentedepaul.cl\/index.php?rest_route=\/wp\/v2\/users\/1"}],"replies":[{"embeddable":true,"href":"https:\/\/escsanvicentedepaul.cl\/index.php?rest_route=%2Fwp%2Fv2%2Fcomments&post=8642"}],"version-history":[{"count":5,"href":"https:\/\/escsanvicentedepaul.cl\/index.php?rest_route=\/wp\/v2\/posts\/8642\/revisions"}],"predecessor-version":[{"id":8655,"href":"https:\/\/escsanvicentedepaul.cl\/index.php?rest_route=\/wp\/v2\/posts\/8642\/revisions\/8655"}],"wp:featuredmedia":[{"embeddable":true,"href":"https:\/\/escsanvicentedepaul.cl\/index.php?rest_route=\/wp\/v2\/media\/8643"}],"wp:attachment":[{"href":"https:\/\/escsanvicentedepaul.cl\/index.php?rest_route=%2Fwp%2Fv2%2Fmedia&parent=8642"}],"wp:term":[{"taxonomy":"category","embeddable":true,"href":"https:\/\/escsanvicentedepaul.cl\/index.php?rest_route=%2Fwp%2Fv2%2Fcategories&post=8642"},{"taxonomy":"post_tag","embeddable":true,"href":"https:\/\/escsanvicentedepaul.cl\/index.php?rest_route=%2Fwp%2Fv2%2Ftags&post=8642"}],"curies":[{"name":"wp","href":"https:\/\/api.w.org\/{rel}","templated":true}]}}