{"id":8639,"date":"2026-09-03T09:58:00","date_gmt":"2026-09-03T12:58:00","guid":{"rendered":"https:\/\/escsanvicentedepaul.cl\/?p=8639"},"modified":"2026-09-03T09:58:00","modified_gmt":"2026-09-03T12:58:00","slug":"un-paso-de-amor-y-fe","status":"publish","type":"post","link":"https:\/\/escsanvicentedepaul.cl\/?p=8639","title":{"rendered":"UN PASO DE AMOR Y FE"},"content":{"rendered":"<div class=\"wpb-content-wrapper\"><p>[vc_row][vc_column][vc_empty_space][vc_images_carousel images=&#8221;8640&#8243; img_size=&#8221;full&#8221; onclick=&#8221;link_no&#8221;][vc_empty_space][\/vc_column][\/vc_row][vc_row][vc_column][vc_empty_space][vc_column_text]<\/p>\n<p style=\"text-align: justify;\"><span style=\"font-family: verdana, geneva, sans-serif;\"><span style=\"font-weight: 400;\">El pasado, 01 de septiembre, vivimos un encuentro verdaderamente bendecido. Con el coraz\u00f3n lleno de gozo, celebramos la <\/span><b>Ceremonia de Entrega del Padre Nuestro<\/b><span style=\"font-weight: 400;\"> a nuestros queridos estudiantes de catequesis, un hito sagrado en su camino de crecimiento espiritual donde aprenden a abrazar el amor infinito de Dios como Padre de todos.<\/span><\/span><\/p>\n<p style=\"text-align: justify;\"><span style=\"font-family: verdana, geneva, sans-serif;\"><span style=\"font-weight: 400;\">La Eucarist\u00eda fue presidida con especial calidez por nuestro capell\u00e1n, el <\/span><b>Padre Rodis Christensen<\/b><span style=\"font-weight: 400;\">, y cont\u00f3 con la entra\u00f1able compa\u00f1\u00eda en el altar del <\/span><b>Hermano Polo<\/b><span style=\"font-weight: 400;\">. Como misioneros vicentinos que entregan d\u00eda a d\u00eda su vida al servicio de nuestra regi\u00f3n, nos regalaron una emotiva catequesis record\u00e1ndonos con ternura el profundo significado de cada p\u00e1rrafo del Padre Nuestro. Nos invitaron a rezarlo no de memoria, sino con el alma, reconociendo en cada frase el llamado a la caridad, la humildad y la fraternidad que tanto nos ense\u00f1\u00f3 San Vicente de Pa\u00fal.<\/span><\/span><\/p>\n<p style=\"text-align: justify;\"><span style=\"font-weight: 400; font-family: verdana, geneva, sans-serif;\">Extendemos nuestro m\u00e1s profundo e infinito agradecimiento a las madres, padres y apoderados que acompa\u00f1aron con tanto amor y dedicaci\u00f3n a sus hijos e hijas en este momento tan especial. Su presencia activa nos demuestra que la fe se cultiva y florece en el calor del hogar.<\/span><\/p>\n<p style=\"text-align: justify;\"><span style=\"font-weight: 400; font-family: verdana, geneva, sans-serif;\">Sigamos caminando juntos como familia vicentina, sembrando semillas de amor y servicio en el coraz\u00f3n de nuestras ni\u00f1as y ni\u00f1os.<\/span><\/p>\n<p style=\"text-align: justify;\"><span style=\"font-weight: 400; font-family: verdana, geneva, sans-serif;\">\u00a1Que esta hermosa oraci\u00f3n viva para siempre en cada uno de sus pasos!<\/span><\/p>\n<p>[\/vc_column_text][vc_empty_space][vc_btn title=&#8221;Ver Galer\u00eda de Fotos&#8221; color=&#8221;blue&#8221; align=&#8221;center&#8221; link=&#8221;url:https%3A%2F%2Fphotos.app.goo.gl%2FSnko2wsPUEToov7e6&#8243;][vc_empty_space][vc_empty_space][\/vc_column][\/vc_row][vc_row][vc_column][vc_empty_space][\/vc_column][\/vc_row][vc_row][vc_column][vc_column_text]<\/p>\n<pre><span style=\"font-family: verdana, geneva, sans-serif;\"><strong>Fuente: <\/strong>\u00c1rea de Comunicaciones.\r\n<strong>Fotograf\u00edas: <\/strong>\u00c1rea de Comunicaciones.\r\n<strong><span style=\"font-size: 10pt;\">Escuela San Vicente de Pa\u00fal.<\/span><\/strong><\/span><\/pre>\n<p>[\/vc_column_text][\/vc_column][\/vc_row][vc_row][vc_column][\/vc_column][\/vc_row]<\/p>\n<\/div>","protected":false},"excerpt":{"rendered":"<p>El pasado, 01 de septiembre, vivimos un encuentro verdaderamente bendecido. Con el coraz\u00f3n lleno de gozo, celebramos la Ceremonia de Entrega del Padre Nuestro&#8230;<\/p>\n","protected":false},"author":1,"featured_media":8640,"comment_status":"closed","ping_status":"closed","sticky":false,"template":"","format":"image","meta":{"footnotes":""},"categories":[17],"tags":[],"class_list":["post-8639","post","type-post","status-publish","format-image","has-post-thumbnail","hentry","category-actualidad","post_format-post-format-image"],"_links":{"self":[{"href":"https:\/\/escsanvicentedepaul.cl\/index.php?rest_route=\/wp\/v2\/posts\/8639","targetHints":{"allow":["GET"]}}],"collection":[{"href":"https:\/\/escsanvicentedepaul.cl\/index.php?rest_route=\/wp\/v2\/posts"}],"about":[{"href":"https:\/\/escsanvicentedepaul.cl\/index.php?rest_route=\/wp\/v2\/types\/post"}],"author":[{"embeddable":true,"href":"https:\/\/escsanvicentedepaul.cl\/index.php?rest_route=\/wp\/v2\/users\/1"}],"replies":[{"embeddable":true,"href":"https:\/\/escsanvicentedepaul.cl\/index.php?rest_route=%2Fwp%2Fv2%2Fcomments&post=8639"}],"version-history":[{"count":1,"href":"https:\/\/escsanvicentedepaul.cl\/index.php?rest_route=\/wp\/v2\/posts\/8639\/revisions"}],"predecessor-version":[{"id":8641,"href":"https:\/\/escsanvicentedepaul.cl\/index.php?rest_route=\/wp\/v2\/posts\/8639\/revisions\/8641"}],"wp:featuredmedia":[{"embeddable":true,"href":"https:\/\/escsanvicentedepaul.cl\/index.php?rest_route=\/wp\/v2\/media\/8640"}],"wp:attachment":[{"href":"https:\/\/escsanvicentedepaul.cl\/index.php?rest_route=%2Fwp%2Fv2%2Fmedia&parent=8639"}],"wp:term":[{"taxonomy":"category","embeddable":true,"href":"https:\/\/escsanvicentedepaul.cl\/index.php?rest_route=%2Fwp%2Fv2%2Fcategories&post=8639"},{"taxonomy":"post_tag","embeddable":true,"href":"https:\/\/escsanvicentedepaul.cl\/index.php?rest_route=%2Fwp%2Fv2%2Ftags&post=8639"}],"curies":[{"name":"wp","href":"https:\/\/api.w.org\/{rel}","templated":true}]}}