{"id":8628,"date":"2026-09-02T11:01:36","date_gmt":"2026-09-02T14:01:36","guid":{"rendered":"https:\/\/escsanvicentedepaul.cl\/?p=8628"},"modified":"2026-09-02T11:01:36","modified_gmt":"2026-09-02T14:01:36","slug":"recreos-culturales-2026-3-a-edicion","status":"publish","type":"post","link":"https:\/\/escsanvicentedepaul.cl\/?p=8628","title":{"rendered":"RECREOS CULTURALES 2026: 3.\u00aa EDICI\u00d3N"},"content":{"rendered":"<div class=\"wpb-content-wrapper\"><p>[vc_row][vc_column][vc_empty_space][vc_images_carousel images=&#8221;8629&#8243; img_size=&#8221;full&#8221; onclick=&#8221;link_no&#8221;][vc_empty_space][\/vc_column][\/vc_row][vc_row][vc_column][vc_empty_space][vc_column_text]<\/p>\n<p style=\"text-align: justify;\"><span style=\"font-family: verdana, geneva, sans-serif;\"><span style=\"font-weight: 400;\">Con el coraz\u00f3n rebosante de gratitud y entusiasmo, nuestra comunidad educativa celebr\u00f3 con tremendo orgullo la <\/span><b>3.\u00aa edici\u00f3n de los Recreos Culturales 2026<\/b><span style=\"font-weight: 400;\">, del 24 al 28 de agosto, una hermosa tradici\u00f3n que a\u00f1o a a\u00f1o consolida nuestro compromiso de caminar juntos como una gran familia vicentina.<\/span><\/span><\/p>\n<p style=\"text-align: justify;\"><span style=\"font-weight: 400; font-family: verdana, geneva, sans-serif;\">Fueron momentos de alegr\u00eda donde el esp\u00edritu vicentino y la uni\u00f3n se sintieron en cada rinc\u00f3n. Los recreos dejaron de ser un descanso para volverse un escenario de arte y tradici\u00f3n. Nuestros ni\u00f1os disfrutaron al m\u00e1ximo de una fiesta que celebr\u00f3 con orgullo lo mejor de nuestra identidad nacional.\u00a0<\/span><\/p>\n<p style=\"text-align: justify;\"><span style=\"font-weight: 400; font-family: verdana, geneva, sans-serif;\"><strong><em>Los verdaderos protagonistas de esta maravillosa jornada fueron nuestros padres, madres y apoderados \u2014desde Prek\u00ednder hasta 7.\u00ba b\u00e1sico<\/em><\/strong>\u2014, quienes con un entusiasmo admirable, esfuerzo y mucho cari\u00f1o, nos maravillaron con espectaculares presentaciones de bailes t\u00edpicos. Con trajes deslumbrantes y un talento que emocion\u00f3 a todos, nos hicieron viajar de norte a sur, recorriendo las riquezas de las zonas Norte, Centro, Sur e Insular de nuestro pa\u00eds.<\/span><\/p>\n<p style=\"text-align: justify;\"><span style=\"font-weight: 400; font-family: verdana, geneva, sans-serif;\">Agradecemos de todo coraz\u00f3n a cada familia por su constante compromiso, dedicaci\u00f3n y esa energ\u00eda tan bonita que nos contagian. <em>En el esp\u00edritu de San Vicente de Pa\u00fal, sabemos que la educaci\u00f3n es una tarea compartida, y ver a los apoderados involucrados con tanto amor demuestra que cuando la escuela y la familia caminan de la mano, nuestros estudiantes crecen en un ambiente lleno de fe, alegr\u00eda y valores.<\/em><\/span><\/p>\n<p style=\"text-align: justify;\"><span style=\"font-weight: 400; font-family: verdana, geneva, sans-serif;\">\u00a1Que estas hermosas tradiciones sigan floreciendo por muchos a\u00f1os m\u00e1s en nuestra querida escuela!<\/span><\/p>\n<p>[\/vc_column_text][vc_empty_space][vc_btn title=&#8221;Ver Galer\u00eda de Fotos&#8221; color=&#8221;blue&#8221; align=&#8221;center&#8221; link=&#8221;url:https%3A%2F%2Fphotos.app.goo.gl%2FV8rZnGmEvXsi7B7VA&#8221;][vc_empty_space][vc_empty_space][\/vc_column][\/vc_row][vc_row][vc_column][vc_video link=&#8221;https:\/\/youtu.be\/2Q8clNgRjfE&#8221; align=&#8221;center&#8221;][vc_empty_space][\/vc_column][\/vc_row][vc_row][vc_column][vc_column_text]<\/p>\n<pre><span style=\"font-family: verdana, geneva, sans-serif;\"><strong>Fuente: <\/strong>\u00c1rea de Comunicaciones.\r\n<strong>Fotograf\u00edas: <\/strong>\u00c1rea de Comunicaciones.\r\n<strong>Video: <\/strong>\u00c1rea de Comunicaciones.\r\n<strong><span style=\"font-size: 10pt;\">Escuela San Vicente de Pa\u00fal.<\/span><\/strong><\/span><\/pre>\n<p>[\/vc_column_text][\/vc_column][\/vc_row][vc_row][vc_column][\/vc_column][\/vc_row]<\/p>\n<\/div>","protected":false},"excerpt":{"rendered":"<p>Con el coraz\u00f3n rebosante de gratitud y entusiasmo, nuestra comunidad educativa celebr\u00f3 con tremendo orgullo la 3.\u00aa edici\u00f3n de los Recreos Culturales 2026.<\/p>\n","protected":false},"author":1,"featured_media":8629,"comment_status":"closed","ping_status":"closed","sticky":false,"template":"","format":"image","meta":{"footnotes":""},"categories":[17],"tags":[],"class_list":["post-8628","post","type-post","status-publish","format-image","has-post-thumbnail","hentry","category-actualidad","post_format-post-format-image"],"_links":{"self":[{"href":"https:\/\/escsanvicentedepaul.cl\/index.php?rest_route=\/wp\/v2\/posts\/8628","targetHints":{"allow":["GET"]}}],"collection":[{"href":"https:\/\/escsanvicentedepaul.cl\/index.php?rest_route=\/wp\/v2\/posts"}],"about":[{"href":"https:\/\/escsanvicentedepaul.cl\/index.php?rest_route=\/wp\/v2\/types\/post"}],"author":[{"embeddable":true,"href":"https:\/\/escsanvicentedepaul.cl\/index.php?rest_route=\/wp\/v2\/users\/1"}],"replies":[{"embeddable":true,"href":"https:\/\/escsanvicentedepaul.cl\/index.php?rest_route=%2Fwp%2Fv2%2Fcomments&post=8628"}],"version-history":[{"count":5,"href":"https:\/\/escsanvicentedepaul.cl\/index.php?rest_route=\/wp\/v2\/posts\/8628\/revisions"}],"predecessor-version":[{"id":8635,"href":"https:\/\/escsanvicentedepaul.cl\/index.php?rest_route=\/wp\/v2\/posts\/8628\/revisions\/8635"}],"wp:featuredmedia":[{"embeddable":true,"href":"https:\/\/escsanvicentedepaul.cl\/index.php?rest_route=\/wp\/v2\/media\/8629"}],"wp:attachment":[{"href":"https:\/\/escsanvicentedepaul.cl\/index.php?rest_route=%2Fwp%2Fv2%2Fmedia&parent=8628"}],"wp:term":[{"taxonomy":"category","embeddable":true,"href":"https:\/\/escsanvicentedepaul.cl\/index.php?rest_route=%2Fwp%2Fv2%2Fcategories&post=8628"},{"taxonomy":"post_tag","embeddable":true,"href":"https:\/\/escsanvicentedepaul.cl\/index.php?rest_route=%2Fwp%2Fv2%2Ftags&post=8628"}],"curies":[{"name":"wp","href":"https:\/\/api.w.org\/{rel}","templated":true}]}}