{"id":8241,"date":"2026-04-30T18:23:45","date_gmt":"2026-04-30T21:23:45","guid":{"rendered":"https:\/\/escsanvicentedepaul.cl\/?p=8241"},"modified":"2026-04-30T18:38:43","modified_gmt":"2026-04-30T21:38:43","slug":"padres-y-apoderados-se-convierten-en-protagonistas","status":"publish","type":"post","link":"https:\/\/escsanvicentedepaul.cl\/?p=8241","title":{"rendered":"PADRES Y APODERADOS PROTAGONISTAS DE LA SEMANA DEL LIBRO"},"content":{"rendered":"<div class=\"wpb-content-wrapper\"><p>[vc_row][vc_column][vc_empty_space][vc_images_carousel images=&#8221;8242&#8243; img_size=&#8221;full&#8221; onclick=&#8221;link_no&#8221;][vc_empty_space][\/vc_column][\/vc_row][vc_row][vc_column][vc_empty_space][vc_column_text]<\/p>\n<p style=\"text-align: justify;\"><span style=\"font-family: verdana, geneva, sans-serif;\">En nuestra comunidad, creemos firmemente que <strong>&#8220;el amor es inventivo hasta el infinito&#8221;<\/strong>, como dec\u00eda san Vicente de Pa\u00fal. Precisamente esa inventiva fue la que desbord\u00f3 nuestros corazones durante la reciente celebraci\u00f3n de la <strong>Semana del Libro del 24 al 29 de abril<\/strong> en nuestra escuela.<\/span><\/p>\n<p style=\"text-align: justify;\"><span style=\"font-family: verdana, geneva, sans-serif;\"><em>En esta ocasi\u00f3n, quisimos que el protagonismo cruzara la puerta del hogar hacia la sala de clases.<\/em> Nuestros padres, madres y apoderados aceptaron el desaf\u00edo y se convirtieron en los grandes narradores de historias de este a\u00f1o, dando vida al aprendizaje mediante maravillosas representaciones de cuentos cl\u00e1sicos.<\/span><\/p>\n<p style=\"text-align: justify;\"><span style=\"font-family: verdana, geneva, sans-serif;\">Cada curso fue testigo de c\u00f3mo sus propios apoderados se transformaron para dar vida a cuentos, f\u00e1bulas y aventuras que nos hicieron viajar a trav\u00e9s de dramatizaciones, relatos, lecturas creativas, escenograf\u00edas y vestuarios. Todo esto demuestra que, con amor y colaboraci\u00f3n, no hay l\u00edmites para la ense\u00f1anza.<\/span><\/p>\n<p style=\"text-align: justify;\"><span style=\"font-family: verdana, geneva, sans-serif;\">La incre\u00edble labor de nuestros apoderados, en conjunto con las educadoras del Nivel Parvulario, los profesores del Primer Ciclo, los docentes de Lenguaje del Segundo Ciclo y el equipo de UTP (Unidad T\u00e9cnica Pedag\u00f3gica), nos permiti\u00f3 vivir jornadas inolvidables.<\/span><\/p>\n<p style=\"text-align: justify;\"><span style=\"font-family: verdana, geneva, sans-serif;\">Como comunidad vicentina, agradecemos profundamente a nuestros apoderados por su esfuerzo y compromiso con la educaci\u00f3n de sus hijos; su presencia hizo que este d\u00eda fuera realmente especial. Tambi\u00e9n valoramos al equipo organizador por su esmero y a nuestros alumnos por su entusiasmo y escucha atenta, record\u00e1ndonos que cada libro es una semilla de esperanza.<\/span><\/p>\n<p style=\"text-align: justify;\"><span style=\"font-family: verdana, geneva, sans-serif;\">Que el ejemplo de san Vicente y santa Luisa nos siga inspirando a ser <strong>&#8220;portavoces del carisma&#8221;<\/strong> a trav\u00e9s del conocimiento y la fraternidad.<\/span><\/p>\n<p style=\"text-align: justify;\"><span style=\"font-family: verdana, geneva, sans-serif;\"><strong>\u00a1Gracias a todos por hacer de esta semana una experiencia inolvidable!<\/strong><\/span><\/p>\n<h1><strong>\u00a0<\/strong><\/h1>\n<p>[\/vc_column_text][vc_empty_space][vc_btn title=&#8221;Ver Galer\u00eda de Fotos&#8221; color=&#8221;blue&#8221; align=&#8221;center&#8221; link=&#8221;url:https%3A%2F%2Fphotos.app.goo.gl%2F7h67KaSqZyF5gNER6&#8243;][vc_empty_space][vc_empty_space][\/vc_column][\/vc_row][vc_row][vc_column][vc_empty_space][\/vc_column][\/vc_row][vc_row][vc_column][vc_column_text]<\/p>\n<pre><span style=\"font-family: verdana, geneva, sans-serif;\"><strong>Fuente: <\/strong>\u00c1rea de Comunicaciones.\r\n<strong>Fotograf\u00edas: <\/strong>\u00c1rea de Comunicaciones.\r\n<strong><span style=\"font-size: 10pt;\">Escuela San Vicente de Pa\u00fal.<\/span><\/strong><\/span><\/pre>\n<p>[\/vc_column_text][\/vc_column][\/vc_row][vc_row][vc_column][\/vc_column][\/vc_row]<\/p>\n<\/div>","protected":false},"excerpt":{"rendered":"<p>En nuestra comunidad, creemos firmemente que &#8220;el amor es inventivo hasta el infinito&#8221;&#8230;<\/p>\n","protected":false},"author":1,"featured_media":8242,"comment_status":"closed","ping_status":"closed","sticky":false,"template":"","format":"image","meta":{"footnotes":""},"categories":[17],"tags":[],"class_list":["post-8241","post","type-post","status-publish","format-image","has-post-thumbnail","hentry","category-actualidad","post_format-post-format-image"],"_links":{"self":[{"href":"https:\/\/escsanvicentedepaul.cl\/index.php?rest_route=\/wp\/v2\/posts\/8241","targetHints":{"allow":["GET"]}}],"collection":[{"href":"https:\/\/escsanvicentedepaul.cl\/index.php?rest_route=\/wp\/v2\/posts"}],"about":[{"href":"https:\/\/escsanvicentedepaul.cl\/index.php?rest_route=\/wp\/v2\/types\/post"}],"author":[{"embeddable":true,"href":"https:\/\/escsanvicentedepaul.cl\/index.php?rest_route=\/wp\/v2\/users\/1"}],"replies":[{"embeddable":true,"href":"https:\/\/escsanvicentedepaul.cl\/index.php?rest_route=%2Fwp%2Fv2%2Fcomments&post=8241"}],"version-history":[{"count":5,"href":"https:\/\/escsanvicentedepaul.cl\/index.php?rest_route=\/wp\/v2\/posts\/8241\/revisions"}],"predecessor-version":[{"id":8249,"href":"https:\/\/escsanvicentedepaul.cl\/index.php?rest_route=\/wp\/v2\/posts\/8241\/revisions\/8249"}],"wp:featuredmedia":[{"embeddable":true,"href":"https:\/\/escsanvicentedepaul.cl\/index.php?rest_route=\/wp\/v2\/media\/8242"}],"wp:attachment":[{"href":"https:\/\/escsanvicentedepaul.cl\/index.php?rest_route=%2Fwp%2Fv2%2Fmedia&parent=8241"}],"wp:term":[{"taxonomy":"category","embeddable":true,"href":"https:\/\/escsanvicentedepaul.cl\/index.php?rest_route=%2Fwp%2Fv2%2Fcategories&post=8241"},{"taxonomy":"post_tag","embeddable":true,"href":"https:\/\/escsanvicentedepaul.cl\/index.php?rest_route=%2Fwp%2Fv2%2Ftags&post=8241"}],"curies":[{"name":"wp","href":"https:\/\/api.w.org\/{rel}","templated":true}]}}