{"id":8234,"date":"2026-04-30T09:24:49","date_gmt":"2026-04-30T12:24:49","guid":{"rendered":"https:\/\/escsanvicentedepaul.cl\/?p=8234"},"modified":"2026-04-30T10:36:58","modified_gmt":"2026-04-30T13:36:58","slug":"suma-de-talentos-asi-fue-nuestro-festival-de-las-matematicas-2026","status":"publish","type":"post","link":"https:\/\/escsanvicentedepaul.cl\/?p=8234","title":{"rendered":"SUMA DE TALENTOS: AS\u00cd FUE NUESTRO FESTIVAL DE LAS MATEM\u00c1TICAS 2026"},"content":{"rendered":"<div class=\"wpb-content-wrapper\"><p>[vc_row][vc_column][vc_empty_space][vc_images_carousel images=&#8221;8236&#8243; img_size=&#8221;full&#8221; onclick=&#8221;link_no&#8221;][vc_empty_space][\/vc_column][\/vc_row][vc_row][vc_column][vc_empty_space][vc_column_text]<\/p>\n<p style=\"text-align: justify;\"><span style=\"font-family: verdana, geneva, sans-serif;\">El pasado 28 de abril, la Cancha Principal de nuestra escuela se convirti\u00f3 en un gran escenario de luces, ritmo y mucho ingenio con la celebraci\u00f3n del <strong>Festival de las Matem\u00e1ticas 2026.<\/strong> Los n\u00fameros dejaron los cuadernos para transformarse en coreograf\u00edas que hicieron vibrar a toda nuestra comunidad educativa.<\/span><\/p>\n<p style=\"text-align: justify;\"><span style=\"font-family: verdana, geneva, sans-serif;\">Nuestros estudiantes del <strong>Primer Ciclo (1\u00b0 a 4\u00b0 B\u00e1sico)<\/strong> nos demostraron que aprender puede ser la experiencia m\u00e1s divertida del mundo. Las presentaciones fueron sencillamente espectaculares: escena donde los n\u00fameros se contaron en espa\u00f1ol e ingl\u00e9s, se representaron operaciones matem\u00e1ticas y figuras geom\u00e9tricas. Adem\u00e1s, bailaron al ritmo de rock and roll, contagiando a todos los asistentes con su energ\u00eda. Menci\u00f3n especial para nuestros presentadores, quienes destacaron por su profesionalismo y su espectacular vestuario. Sus capas y sombreros, cubiertos de n\u00fameros y operaciones, fueron el complemento perfecto para una ma\u00f1ana donde la matem\u00e1tica fue la protagonista absoluta.\u00a0<\/span><\/p>\n<p style=\"text-align: justify;\"><span style=\"font-family: verdana, geneva, sans-serif;\">Un momento de profunda emoci\u00f3n se vivi\u00f3 al finalizar el evento, donde se realiz\u00f3 un especial<strong> reconocimiento a nuestra Representante Legal, Sor Raquel<\/strong>. Ya que nos acompa\u00f1a hasta este mes para partir hacia una nueva misi\u00f3n, quisimos agradecerle su entrega y desearle las mayores bendiciones en este nuevo camino que emprende.\u00a0<\/span><\/p>\n<p style=\"text-align: justify;\"><span style=\"font-family: verdana, geneva, sans-serif;\">Este \u00e9xito es fruto del trabajo en equipo. Expresamos nuestro m\u00e1s profundo reconocimiento a los <strong>profesores de Educaci\u00f3n F\u00edsica: Jessica Molina, Katherine Neyra y Piero Sierra<\/strong>, por su incre\u00edble visi\u00f3n para unir el deporte, el baile y el aprendizaje l\u00f3gico. Tambi\u00e9n agradecemos a las profesoras de cada curso y sus t\u00edas asistentes, por el compromiso incondicional y el cari\u00f1o puesto en sus estudiantes.<\/span><\/p>\n<p style=\"text-align: justify;\"><span style=\"font-family: verdana, geneva, sans-serif;\">Y, de manera muy especial, a nuestros ni\u00f1os y ni\u00f1as: ustedes fueron las estrellas de la jornada. Gracias por participar con tanta alegr\u00eda y por recordarnos que, en la Escuela San Vicente de Paul, el carisma y el saber van de la mano.<\/span><\/p>\n<p style=\"text-align: justify;\"><strong><span style=\"font-family: verdana, geneva, sans-serif;\"><em>&#8220;En este festival, no solo calculamos resultados&#8230; \u00a1construimos recuerdos inolvidables!\u201d<\/em><\/span><\/strong><\/p>\n<p>[\/vc_column_text][vc_empty_space][vc_btn title=&#8221;Ver Galer\u00eda de Fotos&#8221; color=&#8221;blue&#8221; align=&#8221;center&#8221; link=&#8221;url:https%3A%2F%2Fphotos.app.goo.gl%2FXBnF242fAJhusmBS9&#8243;][vc_empty_space][vc_empty_space][\/vc_column][\/vc_row][vc_row][vc_column][vc_empty_space][\/vc_column][\/vc_row][vc_row][vc_column][vc_column_text]<\/p>\n<pre><span style=\"font-family: verdana, geneva, sans-serif;\"><strong>Fuente: <\/strong>\u00c1rea de Comunicaciones.\r\n<strong>Fotograf\u00edas: <\/strong>\u00c1rea de Comunicaciones.\r\n<strong><span style=\"font-size: 10pt;\">Escuela San Vicente de Pa\u00fal.<\/span><\/strong><\/span><\/pre>\n<p>[\/vc_column_text][\/vc_column][\/vc_row][vc_row][vc_column][\/vc_column][\/vc_row]<\/p>\n<\/div>","protected":false},"excerpt":{"rendered":"<p>El pasado 28 de abril, la Cancha Principal de nuestra escuela se convirti\u00f3 en un gran escenario de luces, ritmo y mucho ingenio&#8230;<\/p>\n","protected":false},"author":1,"featured_media":8236,"comment_status":"closed","ping_status":"closed","sticky":false,"template":"","format":"image","meta":{"footnotes":""},"categories":[17],"tags":[],"class_list":["post-8234","post","type-post","status-publish","format-image","has-post-thumbnail","hentry","category-actualidad","post_format-post-format-image"],"_links":{"self":[{"href":"https:\/\/escsanvicentedepaul.cl\/index.php?rest_route=\/wp\/v2\/posts\/8234","targetHints":{"allow":["GET"]}}],"collection":[{"href":"https:\/\/escsanvicentedepaul.cl\/index.php?rest_route=\/wp\/v2\/posts"}],"about":[{"href":"https:\/\/escsanvicentedepaul.cl\/index.php?rest_route=\/wp\/v2\/types\/post"}],"author":[{"embeddable":true,"href":"https:\/\/escsanvicentedepaul.cl\/index.php?rest_route=\/wp\/v2\/users\/1"}],"replies":[{"embeddable":true,"href":"https:\/\/escsanvicentedepaul.cl\/index.php?rest_route=%2Fwp%2Fv2%2Fcomments&post=8234"}],"version-history":[{"count":2,"href":"https:\/\/escsanvicentedepaul.cl\/index.php?rest_route=\/wp\/v2\/posts\/8234\/revisions"}],"predecessor-version":[{"id":8237,"href":"https:\/\/escsanvicentedepaul.cl\/index.php?rest_route=\/wp\/v2\/posts\/8234\/revisions\/8237"}],"wp:featuredmedia":[{"embeddable":true,"href":"https:\/\/escsanvicentedepaul.cl\/index.php?rest_route=\/wp\/v2\/media\/8236"}],"wp:attachment":[{"href":"https:\/\/escsanvicentedepaul.cl\/index.php?rest_route=%2Fwp%2Fv2%2Fmedia&parent=8234"}],"wp:term":[{"taxonomy":"category","embeddable":true,"href":"https:\/\/escsanvicentedepaul.cl\/index.php?rest_route=%2Fwp%2Fv2%2Fcategories&post=8234"},{"taxonomy":"post_tag","embeddable":true,"href":"https:\/\/escsanvicentedepaul.cl\/index.php?rest_route=%2Fwp%2Fv2%2Ftags&post=8234"}],"curies":[{"name":"wp","href":"https:\/\/api.w.org\/{rel}","templated":true}]}}