{"id":8033,"date":"2026-03-13T12:09:03","date_gmt":"2026-03-13T15:09:03","guid":{"rendered":"https:\/\/escsanvicentedepaul.cl\/?p=8033"},"modified":"2026-03-13T12:19:30","modified_gmt":"2026-03-13T15:19:30","slug":"refugio-digital-un-compromiso-con-el-carisma-vicentino","status":"publish","type":"post","link":"https:\/\/escsanvicentedepaul.cl\/?p=8033","title":{"rendered":"REFUGIO DIGITAL: UN COMPROMISO CON EL CARISMA VICENTINO"},"content":{"rendered":"<div class=\"wpb-content-wrapper\"><p>[vc_row][vc_column][vc_empty_space][vc_images_carousel images=&#8221;8034&#8243; img_size=&#8221;full&#8221; onclick=&#8221;link_no&#8221;][vc_empty_space][\/vc_column][\/vc_row][vc_row][vc_column][vc_empty_space][vc_column_text]<\/p>\n<p style=\"text-align: justify;\"><span style=\"font-family: verdana, geneva, sans-serif;\"><span style=\"font-weight: 400;\">Fieles a nuestro legado vicentino de ver en el otro a un hermano que merece respeto y cuidado, nuestra comunidad educativa conmemor\u00f3 este viernes 13 de marzo \u2014anticipando la efem\u00e9ride oficial del 14 de marzo\u2014 el <\/span><b>D\u00eda Nacional contra el Ciberacoso<\/b><span style=\"font-weight: 400;\">. Esta fecha, establecida por el Ministerio de Educaci\u00f3n, nos invita a reflexionar sobre c\u00f3mo nuestras interacciones en el mundo digital deben ser un reflejo de los valores de caridad y servicio que nos inspiran.<\/span><\/span><\/p>\n<p style=\"text-align: justify;\"><span style=\"font-family: verdana, geneva, sans-serif;\"><span style=\"font-weight: 400;\">Desde muy temprano, el <\/span><b>Equipo de Convivencia Escolar<\/b><span style=\"font-weight: 400;\"> y el <\/span><b>Equipo Psicosocial<\/b><span style=\"font-weight: 400;\"> desplegaron una serie de actividades adaptadas para cada etapa del crecimiento. <\/span><i><span style=\"font-weight: 400;\"><strong>Desde Pre-k\u00ednder hasta 8\u00b0 a\u00f1o b\u00e1sico<\/strong>, las aulas se llenaron de di\u00e1logos, v\u00eddeos educativos y material did\u00e1ctico que permitieron a los estudiantes comprender que el respeto no tiene fronteras entre lo f\u00edsico y lo virtual.<\/span><\/i><\/span><\/p>\n<p style=\"text-align: justify;\"><span style=\"font-family: verdana, geneva, sans-serif;\"><span style=\"font-weight: 400;\">La jornada tuvo un momento clave con la charla para 7\u00b0 y 8\u00b0 b\u00e1sico en el gimnasio techado, donde el equipo Psicosocial abord\u00f3 la implementaci\u00f3n de la <\/span><b>Ley 21.801<\/b><span style=\"font-weight: 400;\">. En este espacio, se destac\u00f3 que la regulaci\u00f3n de celulares es, ante todo, una herramienta para proteger el bienestar y la privacidad de nuestros estudiantes. Al alinear esta normativa legal con nuestro carisma vicentino, reafirmamos que el colegio debe ser un espacio de encuentro aut\u00e9ntico, donde la seguridad y el cuidado mutuo prevalezcan sobre el anonimato y las distracciones de las pantallas.<\/span><\/span><\/p>\n<p style=\"text-align: justify;\"><span style=\"font-family: verdana, geneva, sans-serif;\"><span style=\"font-weight: 400;\">Reconocemos la gesti\u00f3n de los equipos de Convivencia y Psicosocial, quienes con vocaci\u00f3n vicentina dise\u00f1aron esta jornada de reflexi\u00f3n. Asimismo, extendemos este reconocimiento a los docentes, asistentes de la educaci\u00f3n y, especialmente, a nuestros estudiantes, quienes participaron con entusiasmo y respeto en cada actividad. <\/span><span style=\"text-decoration: underline;\"><span style=\"font-weight: 400;\">Como comunidad vicentina, seguimos atentos y unidos para asegurar que nuestra escuela sea siempre un lugar de encuentro verdadero, seguro y protegido para todos.<\/span><\/span><\/span><\/p>\n<p>[\/vc_column_text][vc_empty_space][vc_btn title=&#8221;Ver Galer\u00eda de Fotos&#8221; color=&#8221;blue&#8221; align=&#8221;center&#8221; link=&#8221;url:https%3A%2F%2Fphotos.app.goo.gl%2FL8zUUs4khqbZQ4tp9&#8243;][vc_empty_space][vc_empty_space][\/vc_column][\/vc_row][vc_row][vc_column][vc_column_text]<\/p>\n<pre><span style=\"font-family: verdana, geneva, sans-serif;\"><strong>Fuente: <\/strong>\u00c1rea de Comunicaciones.\r\n<strong>Fotograf\u00edas: <\/strong>\u00c1rea de Comunicaciones.\r\n<strong><span style=\"font-size: 10pt;\">Escuela San Vicente de Pa\u00fal.<\/span><\/strong><\/span><\/pre>\n<p>[\/vc_column_text][\/vc_column][\/vc_row][vc_row][vc_column][\/vc_column][\/vc_row]<\/p>\n<\/div>","protected":false},"excerpt":{"rendered":"<p>Fieles a nuestro legado vicentino de ver en el otro a un hermano que merece respeto y cuidado&#8230;<\/p>\n","protected":false},"author":1,"featured_media":8034,"comment_status":"closed","ping_status":"closed","sticky":false,"template":"","format":"image","meta":{"footnotes":""},"categories":[17],"tags":[],"class_list":["post-8033","post","type-post","status-publish","format-image","has-post-thumbnail","hentry","category-actualidad","post_format-post-format-image"],"_links":{"self":[{"href":"https:\/\/escsanvicentedepaul.cl\/index.php?rest_route=\/wp\/v2\/posts\/8033","targetHints":{"allow":["GET"]}}],"collection":[{"href":"https:\/\/escsanvicentedepaul.cl\/index.php?rest_route=\/wp\/v2\/posts"}],"about":[{"href":"https:\/\/escsanvicentedepaul.cl\/index.php?rest_route=\/wp\/v2\/types\/post"}],"author":[{"embeddable":true,"href":"https:\/\/escsanvicentedepaul.cl\/index.php?rest_route=\/wp\/v2\/users\/1"}],"replies":[{"embeddable":true,"href":"https:\/\/escsanvicentedepaul.cl\/index.php?rest_route=%2Fwp%2Fv2%2Fcomments&post=8033"}],"version-history":[{"count":3,"href":"https:\/\/escsanvicentedepaul.cl\/index.php?rest_route=\/wp\/v2\/posts\/8033\/revisions"}],"predecessor-version":[{"id":8037,"href":"https:\/\/escsanvicentedepaul.cl\/index.php?rest_route=\/wp\/v2\/posts\/8033\/revisions\/8037"}],"wp:featuredmedia":[{"embeddable":true,"href":"https:\/\/escsanvicentedepaul.cl\/index.php?rest_route=\/wp\/v2\/media\/8034"}],"wp:attachment":[{"href":"https:\/\/escsanvicentedepaul.cl\/index.php?rest_route=%2Fwp%2Fv2%2Fmedia&parent=8033"}],"wp:term":[{"taxonomy":"category","embeddable":true,"href":"https:\/\/escsanvicentedepaul.cl\/index.php?rest_route=%2Fwp%2Fv2%2Fcategories&post=8033"},{"taxonomy":"post_tag","embeddable":true,"href":"https:\/\/escsanvicentedepaul.cl\/index.php?rest_route=%2Fwp%2Fv2%2Ftags&post=8033"}],"curies":[{"name":"wp","href":"https:\/\/api.w.org\/{rel}","templated":true}]}}